{"id":12735,"date":"2024-12-16T11:36:12","date_gmt":"2024-12-16T10:36:12","guid":{"rendered":"https:\/\/nimaevents.com\/?p=12735"},"modified":"2026-09-04T18:43:30","modified_gmt":"2026-09-04T16:43:30","slug":"incentive-pour-650-personnes","status":"publish","type":"post","link":"https:\/\/nimaevents.com\/fr\/2024\/12\/16\/incentive-pour-650-personnes\/","title":{"rendered":"Incentive pour 650 personnes"},"content":{"rendered":"<p>[vc_row][vc_column][vc_row_inner][vc_column_inner][vc_column_text]<a href=\"https:\/\/nimaevents.com\/fr\/incentives\/\">Incentive<\/a> pour 650 personnes.<br \/>\nMai est l&rsquo;un de nos mois pr\u00e9f\u00e9r\u00e9s pour organiser des incentives. En effet, l&rsquo;\u00eele nous offre une m\u00e9t\u00e9o incroyable pour toutes sortes d&rsquo;activit\u00e9s. Il suffit de demander \u00e0 notre groupe de 650 participants, qui a profit\u00e9 d&rsquo;un programme tr\u00e8s complet et unique, dont chaque d\u00e9tail avait \u00e9t\u00e9 pens\u00e9 pour eux !<br \/>\nD\u00e8s leur arriv\u00e9e sur notre \u00eele, ils ont \u00e9t\u00e9 accueillis avec un verre de cava \u00e0 l&rsquo;a\u00e9roport. Les transferts vers l&rsquo;h\u00f4tel se sont d\u00e9roul\u00e9s agr\u00e9ablement gr\u00e2ce aux explications de nos guides locaux sur la destination et les \u00e9v\u00e9nements des jours \u00e0 venir.<br \/>\nLe soir, un cocktail d\u00eenatoire a \u00e9t\u00e9 organis\u00e9 dans les jardins de l&rsquo;h\u00f4tel, avec une vue spectaculaire sur la mer. La soir\u00e9e a \u00e9t\u00e9 anim\u00e9e par un groupe local en musique live.[\/vc_column_text][\/vc_column_inner][\/vc_row_inner][vc_empty_space height=\u00a0\u00bb30px\u00a0\u00bb][vc_row_inner equal_height=\u00a0\u00bbyes\u00a0\u00bb content_placement=\u00a0\u00bbmiddle\u00a0\u00bb][vc_column_inner width=\u00a0\u00bb1\/2&Prime;][vc_column_text]Le lendemain, apr\u00e8s un petit-d\u00e9jeuner \u00e9nergisant, les participants avaient une large vari\u00e9t\u00e9 d&rsquo;activit\u00e9s qui les attendaient. Ils \u00e9taient sur le point de d\u00e9couvrir les recoins cach\u00e9s de l&rsquo;\u00eele.<br \/>\nLes plus aventureux ont opt\u00e9 pour un rallye en jeep &amp; cabrio, avec des arr\u00eats strat\u00e9giques : un ancien ermitage offrant une vue spectaculaire sur le \u00ab Pla de Llevant \u00bb, accompagn\u00e9 d&rsquo;une d\u00e9gustation de fromages typiques, un arr\u00eat au march\u00e9 hebdomadaire pour fl\u00e2ner entre les \u00e9tals et prendre un verre au soleil, un arr\u00eat dans une ferme o\u00f9 l&rsquo;on produit des c\u00e9r\u00e9ales et de la sobrassada mallorquine, ainsi qu&rsquo;un arr\u00eat dans une oliveraie tr\u00e8s particuli\u00e8re.<br \/>\nLe teambuilding faisant \u00e9galement partie des objectifs de l&rsquo;incentive, les groupes devaient trouver des indices pour compl\u00e9ter un questionnaire dans leur carnet de route tout au long de l&rsquo;activit\u00e9, afin de remporter le rallye.<br \/>\nPendant ce temps, les amateurs de mer ont profit\u00e9 d&rsquo;une balade en catamaran et ont pu s&rsquo;arr\u00eater pour nager et faire du snorkeling, tandis que l&rsquo;\u00e9quipage pr\u00e9parait un d\u00e9licieux barbecue.<br \/>\nD&rsquo;autres participants ont choisi la randonn\u00e9e ou le v\u00e9lo le long de la c\u00f4te d&rsquo;un parc naturel, pour profiter d&rsquo;un pique-nique \u00e0 l&rsquo;ombre d&rsquo;une magnifique pin\u00e8de, directement au bord de l&rsquo;une des criques les plus paradisiaques de la M\u00e9diterran\u00e9e.<br \/>\nPendant ce temps, notre \u00e9quipe continuait \u00e0 travailler sur le point fort du programme, et le soir venu, nous avons su cr\u00e9er l&rsquo;effet WOW avec un d\u00eener de gala spectaculaire dans un ancien domaine mallorquin. Pendant le cocktail, les \u00ab dimonis mallorquins \u00bb ont dans\u00e9 avec nos participants et leur ont fait d\u00e9couvrir un peu de notre culture et de nos f\u00eates traditionnelles. Ce fut une exp\u00e9rience authentique qui, sans aucun doute, restera grav\u00e9e dans les m\u00e9moires.<br \/>\nLe d\u00eener comprenait un programme de divertissement assur\u00e9 par un groupe de renomm\u00e9e internationale. Ensuite&#8230; la f\u00eate a continu\u00e9 et les invit\u00e9s n&rsquo;ont pas pu s&rsquo;arr\u00eater de danser.[\/vc_column_text][\/vc_column_inner][vc_column_inner width=\u00a0\u00bb1\/2&Prime;][vc_single_image image=\u00a0\u00bb12750&Prime; img_size=\u00a0\u00bbfull\u00a0\u00bb alignment=\u00a0\u00bbcenter\u00a0\u00bb onclick=\u00a0\u00bblink_image\u00a0\u00bb][\/vc_column_inner][\/vc_row_inner][vc_empty_space height=\u00a0\u00bb52px\u00a0\u00bb][vc_row_inner equal_height=\u00a0\u00bbyes\u00a0\u00bb content_placement=\u00a0\u00bbmiddle\u00a0\u00bb row_content_width=\u00a0\u00bbgrid\u00a0\u00bb][vc_column_inner width=\u00a0\u00bb1\/4&Prime;][vc_single_image image=\u00a0\u00bb12760&Prime; img_size=\u00a0\u00bbfull\u00a0\u00bb alignment=\u00a0\u00bbright\u00a0\u00bb onclick=\u00a0\u00bblink_image\u00a0\u00bb][\/vc_column_inner][vc_column_inner width=\u00a0\u00bb3\/4&Prime; css=\u00a0\u00bb.vc_custom_1585727216728{padding-right: 10% !important;}\u00a0\u00bb][vc_column_text]<\/p>\n<blockquote>\n<h5 style=\"text-align: left;\"><strong>De nouvelles exp\u00e9riences vous offrent de nouvelles perspectives dans la vie<\/strong><\/h5>\n<\/blockquote>\n<p>[\/vc_column_text][vc_empty_space height=\u00a0\u00bb40px\u00a0\u00bb][vc_column_text]Le lendemain, il \u00e9tait temps de dire au revoir \u00e0 l&rsquo;\u00eele, mais pas avant de reprendre des forces avec un brunch typique. Pour cela, les meilleurs produits ont \u00e9t\u00e9 s\u00e9lectionn\u00e9s, tels que la sobrassada, le camaiot, l&rsquo;ensa\u00efmada, la coca de l\u00e9gumes, entre autres.<br \/>\nEt une fois les batteries recharg\u00e9es et les cadeaux d&rsquo;adieu distribu\u00e9s, il ne nous reste plus qu&rsquo;\u00e0 dire&#8230; \u00e0 tr\u00e8s bient\u00f4t !<br \/>\nL&rsquo;<a href=\"https:\/\/www.illesbalears.travel\/article\/en\/illesbalears\/specialised-mice-services\">incentive<\/a> pour 650 personnes.[\/vc_column_text][vc_empty_space height=\u00a0\u00bb40px\u00a0\u00bb][\/vc_column_inner][\/vc_row_inner][\/vc_column][\/vc_row]<\/p>\n","protected":false},"excerpt":{"rendered":"<p>Mai est l&rsquo;un de nos mois pr\u00e9f\u00e9r\u00e9s pour organiser des incentives, car l&rsquo;\u00eele nous offre une m\u00e9t\u00e9o incroyable pour toutes sortes d&rsquo;activit\u00e9s.<\/p>\n","protected":false},"author":2,"featured_media":12740,"comment_status":"closed","ping_status":"open","sticky":false,"template":"","format":"standard","meta":{"footnotes":""},"categories":[186,187,155],"tags":[],"class_list":["post-12735","post","type-post","status-publish","format-standard","has-post-thumbnail","hentry","category-evenements-entreprise","category-incentives-fr","category-majorque"],"yoast_head":"<!-- This site is optimized with the Yoast SEO plugin v28.0 - https:\/\/yoast.com\/product\/yoast-seo-wordpress\/ -->\n<title>Incentive pour 650 personnes | Programmes sur mesure<\/title>\n<meta name=\"description\" content=\"Incentive \u00e0 Mallorca pour 650 personnes. Mai est l&#039;un de nos mois pr\u00e9f\u00e9r\u00e9s pour organiser des incentives gr\u00e2ce \u00e0 la m\u00e9t\u00e9o exceptionnelle de l&#039;\u00eele.\" \/>\n<meta name=\"robots\" content=\"index, follow, max-snippet:-1, max-image-preview:large, max-video-preview:-1\" \/>\n<link rel=\"canonical\" href=\"https:\/\/nimaevents.com\/fr\/2024\/12\/16\/incentive-pour-650-personnes\/\" \/>\n<meta property=\"og:locale\" content=\"fr_FR\" \/>\n<meta property=\"og:type\" content=\"article\" \/>\n<meta property=\"og:title\" content=\"Incentive pour 650 personnes | Programmes sur mesure\" \/>\n<meta property=\"og:description\" content=\"Incentive \u00e0 Mallorca pour 650 personnes. Mai est l&#039;un de nos mois pr\u00e9f\u00e9r\u00e9s pour organiser des incentives gr\u00e2ce \u00e0 la m\u00e9t\u00e9o exceptionnelle de l&#039;\u00eele.\" \/>\n<meta property=\"og:url\" content=\"https:\/\/nimaevents.com\/fr\/2024\/12\/16\/incentive-pour-650-personnes\/\" \/>\n<meta property=\"og:site_name\" content=\"Nima Events\" \/>\n<meta property=\"article:published_time\" content=\"2024-12-16T10:36:12+00:00\" \/>\n<meta property=\"article:modified_time\" content=\"2026-09-04T16:43:30+00:00\" \/>\n<meta property=\"og:image\" content=\"https:\/\/nimaevents.com\/wp-content\/uploads\/2021\/12\/Domino-cabezera-post-wurth.jpg\" \/>\n\t<meta property=\"og:image:width\" content=\"2515\" \/>\n\t<meta property=\"og:image:height\" content=\"1676\" \/>\n\t<meta property=\"og:image:type\" content=\"image\/jpeg\" \/>\n<meta name=\"author\" content=\"Jacqueline Jorda\" \/>\n<meta name=\"twitter:card\" content=\"summary_large_image\" \/>\n<meta name=\"twitter:label1\" content=\"\u00c9crit par\" \/>\n\t<meta name=\"twitter:data1\" content=\"Jacqueline Jorda\" \/>\n\t<meta name=\"twitter:label2\" content=\"Dur\u00e9e de lecture estim\u00e9e\" \/>\n\t<meta name=\"twitter:data2\" content=\"3 minutes\" \/>\n<script type=\"application\/ld+json\" class=\"yoast-schema-graph\">{\"@context\":\"https:\\\/\\\/schema.org\",\"@graph\":[{\"@type\":\"Article\",\"@id\":\"https:\\\/\\\/nimaevents.com\\\/fr\\\/2024\\\/12\\\/16\\\/incentive-pour-650-personnes\\\/#article\",\"isPartOf\":{\"@id\":\"https:\\\/\\\/nimaevents.com\\\/fr\\\/2024\\\/12\\\/16\\\/incentive-pour-650-personnes\\\/\"},\"author\":{\"name\":\"Jacqueline Jorda\",\"@id\":\"https:\\\/\\\/nimaevents.com\\\/#\\\/schema\\\/person\\\/fd39cb62b7406beabf764d9747acd7af\"},\"headline\":\"Incentive pour 650 personnes\",\"datePublished\":\"2024-12-16T10:36:12+00:00\",\"dateModified\":\"2026-09-04T16:43:30+00:00\",\"mainEntityOfPage\":{\"@id\":\"https:\\\/\\\/nimaevents.com\\\/fr\\\/2024\\\/12\\\/16\\\/incentive-pour-650-personnes\\\/\"},\"wordCount\":755,\"image\":{\"@id\":\"https:\\\/\\\/nimaevents.com\\\/fr\\\/2024\\\/12\\\/16\\\/incentive-pour-650-personnes\\\/#primaryimage\"},\"thumbnailUrl\":\"https:\\\/\\\/nimaevents.com\\\/wp-content\\\/uploads\\\/2021\\\/12\\\/Domino-cabezera-post-wurth.jpg\",\"articleSection\":[\"EVENEMENTS ENTREPRISE\",\"INCENTIVES\",\"MAJORQUE\"],\"inLanguage\":\"fr-FR\"},{\"@type\":\"WebPage\",\"@id\":\"https:\\\/\\\/nimaevents.com\\\/fr\\\/2024\\\/12\\\/16\\\/incentive-pour-650-personnes\\\/\",\"url\":\"https:\\\/\\\/nimaevents.com\\\/fr\\\/2024\\\/12\\\/16\\\/incentive-pour-650-personnes\\\/\",\"name\":\"Incentive pour 650 personnes | Programmes sur mesure\",\"isPartOf\":{\"@id\":\"https:\\\/\\\/nimaevents.com\\\/#website\"},\"primaryImageOfPage\":{\"@id\":\"https:\\\/\\\/nimaevents.com\\\/fr\\\/2024\\\/12\\\/16\\\/incentive-pour-650-personnes\\\/#primaryimage\"},\"image\":{\"@id\":\"https:\\\/\\\/nimaevents.com\\\/fr\\\/2024\\\/12\\\/16\\\/incentive-pour-650-personnes\\\/#primaryimage\"},\"thumbnailUrl\":\"https:\\\/\\\/nimaevents.com\\\/wp-content\\\/uploads\\\/2021\\\/12\\\/Domino-cabezera-post-wurth.jpg\",\"datePublished\":\"2024-12-16T10:36:12+00:00\",\"dateModified\":\"2026-09-04T16:43:30+00:00\",\"author\":{\"@id\":\"https:\\\/\\\/nimaevents.com\\\/#\\\/schema\\\/person\\\/fd39cb62b7406beabf764d9747acd7af\"},\"description\":\"Incentive \u00e0 Mallorca pour 650 personnes. Mai est l'un de nos mois pr\u00e9f\u00e9r\u00e9s pour organiser des incentives gr\u00e2ce \u00e0 la m\u00e9t\u00e9o exceptionnelle de l'\u00eele.\",\"breadcrumb\":{\"@id\":\"https:\\\/\\\/nimaevents.com\\\/fr\\\/2024\\\/12\\\/16\\\/incentive-pour-650-personnes\\\/#breadcrumb\"},\"inLanguage\":\"fr-FR\",\"potentialAction\":[{\"@type\":\"ReadAction\",\"target\":[\"https:\\\/\\\/nimaevents.com\\\/fr\\\/2024\\\/12\\\/16\\\/incentive-pour-650-personnes\\\/\"]}]},{\"@type\":\"ImageObject\",\"inLanguage\":\"fr-FR\",\"@id\":\"https:\\\/\\\/nimaevents.com\\\/fr\\\/2024\\\/12\\\/16\\\/incentive-pour-650-personnes\\\/#primaryimage\",\"url\":\"https:\\\/\\\/nimaevents.com\\\/wp-content\\\/uploads\\\/2021\\\/12\\\/Domino-cabezera-post-wurth.jpg\",\"contentUrl\":\"https:\\\/\\\/nimaevents.com\\\/wp-content\\\/uploads\\\/2021\\\/12\\\/Domino-cabezera-post-wurth.jpg\",\"width\":2515,\"height\":1676,\"caption\":\"Captured at Ses Cases de Sa Font Seca on 31 May 2019 by Ivan Pomposo Photography &amp; Design\"},{\"@type\":\"BreadcrumbList\",\"@id\":\"https:\\\/\\\/nimaevents.com\\\/fr\\\/2024\\\/12\\\/16\\\/incentive-pour-650-personnes\\\/#breadcrumb\",\"itemListElement\":[{\"@type\":\"ListItem\",\"position\":1,\"name\":\"Portada\",\"item\":\"https:\\\/\\\/nimaevents.com\\\/fr\\\/\"},{\"@type\":\"ListItem\",\"position\":2,\"name\":\"Incentive pour 650 personnes\"}]},{\"@type\":\"WebSite\",\"@id\":\"https:\\\/\\\/nimaevents.com\\\/#website\",\"url\":\"https:\\\/\\\/nimaevents.com\\\/\",\"name\":\"Nima Events\",\"description\":\"Otro sitio realizado con WordPress\",\"potentialAction\":[{\"@type\":\"SearchAction\",\"target\":{\"@type\":\"EntryPoint\",\"urlTemplate\":\"https:\\\/\\\/nimaevents.com\\\/?s={search_term_string}\"},\"query-input\":{\"@type\":\"PropertyValueSpecification\",\"valueRequired\":true,\"valueName\":\"search_term_string\"}}],\"inLanguage\":\"fr-FR\"},{\"@type\":\"Person\",\"@id\":\"https:\\\/\\\/nimaevents.com\\\/#\\\/schema\\\/person\\\/fd39cb62b7406beabf764d9747acd7af\",\"name\":\"Jacqueline Jorda\",\"url\":\"https:\\\/\\\/nimaevents.com\\\/fr\\\/author\\\/nimaevents\\\/\"}]}<\/script>\n<!-- \/ Yoast SEO plugin. -->","yoast_head_json":{"title":"Incentive pour 650 personnes | Programmes sur mesure","description":"Incentive \u00e0 Mallorca pour 650 personnes. Mai est l'un de nos mois pr\u00e9f\u00e9r\u00e9s pour organiser des incentives gr\u00e2ce \u00e0 la m\u00e9t\u00e9o exceptionnelle de l'\u00eele.","robots":{"index":"index","follow":"follow","max-snippet":"max-snippet:-1","max-image-preview":"max-image-preview:large","max-video-preview":"max-video-preview:-1"},"canonical":"https:\/\/nimaevents.com\/fr\/2024\/12\/16\/incentive-pour-650-personnes\/","og_locale":"fr_FR","og_type":"article","og_title":"Incentive pour 650 personnes | Programmes sur mesure","og_description":"Incentive \u00e0 Mallorca pour 650 personnes. Mai est l'un de nos mois pr\u00e9f\u00e9r\u00e9s pour organiser des incentives gr\u00e2ce \u00e0 la m\u00e9t\u00e9o exceptionnelle de l'\u00eele.","og_url":"https:\/\/nimaevents.com\/fr\/2024\/12\/16\/incentive-pour-650-personnes\/","og_site_name":"Nima Events","article_published_time":"2024-12-16T10:36:12+00:00","article_modified_time":"2026-09-04T16:43:30+00:00","og_image":[{"width":2515,"height":1676,"url":"https:\/\/nimaevents.com\/wp-content\/uploads\/2021\/12\/Domino-cabezera-post-wurth.jpg","type":"image\/jpeg"}],"author":"Jacqueline Jorda","twitter_card":"summary_large_image","twitter_misc":{"\u00c9crit par":"Jacqueline Jorda","Dur\u00e9e de lecture estim\u00e9e":"3 minutes"},"schema":{"@context":"https:\/\/schema.org","@graph":[{"@type":"Article","@id":"https:\/\/nimaevents.com\/fr\/2024\/12\/16\/incentive-pour-650-personnes\/#article","isPartOf":{"@id":"https:\/\/nimaevents.com\/fr\/2024\/12\/16\/incentive-pour-650-personnes\/"},"author":{"name":"Jacqueline Jorda","@id":"https:\/\/nimaevents.com\/#\/schema\/person\/fd39cb62b7406beabf764d9747acd7af"},"headline":"Incentive pour 650 personnes","datePublished":"2024-12-16T10:36:12+00:00","dateModified":"2026-09-04T16:43:30+00:00","mainEntityOfPage":{"@id":"https:\/\/nimaevents.com\/fr\/2024\/12\/16\/incentive-pour-650-personnes\/"},"wordCount":755,"image":{"@id":"https:\/\/nimaevents.com\/fr\/2024\/12\/16\/incentive-pour-650-personnes\/#primaryimage"},"thumbnailUrl":"https:\/\/nimaevents.com\/wp-content\/uploads\/2021\/12\/Domino-cabezera-post-wurth.jpg","articleSection":["EVENEMENTS ENTREPRISE","INCENTIVES","MAJORQUE"],"inLanguage":"fr-FR"},{"@type":"WebPage","@id":"https:\/\/nimaevents.com\/fr\/2024\/12\/16\/incentive-pour-650-personnes\/","url":"https:\/\/nimaevents.com\/fr\/2024\/12\/16\/incentive-pour-650-personnes\/","name":"Incentive pour 650 personnes | Programmes sur mesure","isPartOf":{"@id":"https:\/\/nimaevents.com\/#website"},"primaryImageOfPage":{"@id":"https:\/\/nimaevents.com\/fr\/2024\/12\/16\/incentive-pour-650-personnes\/#primaryimage"},"image":{"@id":"https:\/\/nimaevents.com\/fr\/2024\/12\/16\/incentive-pour-650-personnes\/#primaryimage"},"thumbnailUrl":"https:\/\/nimaevents.com\/wp-content\/uploads\/2021\/12\/Domino-cabezera-post-wurth.jpg","datePublished":"2024-12-16T10:36:12+00:00","dateModified":"2026-09-04T16:43:30+00:00","author":{"@id":"https:\/\/nimaevents.com\/#\/schema\/person\/fd39cb62b7406beabf764d9747acd7af"},"description":"Incentive \u00e0 Mallorca pour 650 personnes. Mai est l'un de nos mois pr\u00e9f\u00e9r\u00e9s pour organiser des incentives gr\u00e2ce \u00e0 la m\u00e9t\u00e9o exceptionnelle de l'\u00eele.","breadcrumb":{"@id":"https:\/\/nimaevents.com\/fr\/2024\/12\/16\/incentive-pour-650-personnes\/#breadcrumb"},"inLanguage":"fr-FR","potentialAction":[{"@type":"ReadAction","target":["https:\/\/nimaevents.com\/fr\/2024\/12\/16\/incentive-pour-650-personnes\/"]}]},{"@type":"ImageObject","inLanguage":"fr-FR","@id":"https:\/\/nimaevents.com\/fr\/2024\/12\/16\/incentive-pour-650-personnes\/#primaryimage","url":"https:\/\/nimaevents.com\/wp-content\/uploads\/2021\/12\/Domino-cabezera-post-wurth.jpg","contentUrl":"https:\/\/nimaevents.com\/wp-content\/uploads\/2021\/12\/Domino-cabezera-post-wurth.jpg","width":2515,"height":1676,"caption":"Captured at Ses Cases de Sa Font Seca on 31 May 2019 by Ivan Pomposo Photography &amp; Design"},{"@type":"BreadcrumbList","@id":"https:\/\/nimaevents.com\/fr\/2024\/12\/16\/incentive-pour-650-personnes\/#breadcrumb","itemListElement":[{"@type":"ListItem","position":1,"name":"Portada","item":"https:\/\/nimaevents.com\/fr\/"},{"@type":"ListItem","position":2,"name":"Incentive pour 650 personnes"}]},{"@type":"WebSite","@id":"https:\/\/nimaevents.com\/#website","url":"https:\/\/nimaevents.com\/","name":"Nima Events","description":"Otro sitio realizado con WordPress","potentialAction":[{"@type":"SearchAction","target":{"@type":"EntryPoint","urlTemplate":"https:\/\/nimaevents.com\/?s={search_term_string}"},"query-input":{"@type":"PropertyValueSpecification","valueRequired":true,"valueName":"search_term_string"}}],"inLanguage":"fr-FR"},{"@type":"Person","@id":"https:\/\/nimaevents.com\/#\/schema\/person\/fd39cb62b7406beabf764d9747acd7af","name":"Jacqueline Jorda","url":"https:\/\/nimaevents.com\/fr\/author\/nimaevents\/"}]}},"_links":{"self":[{"href":"https:\/\/nimaevents.com\/fr\/wp-json\/wp\/v2\/posts\/12735","targetHints":{"allow":["GET"]}}],"collection":[{"href":"https:\/\/nimaevents.com\/fr\/wp-json\/wp\/v2\/posts"}],"about":[{"href":"https:\/\/nimaevents.com\/fr\/wp-json\/wp\/v2\/types\/post"}],"author":[{"embeddable":true,"href":"https:\/\/nimaevents.com\/fr\/wp-json\/wp\/v2\/users\/2"}],"replies":[{"embeddable":true,"href":"https:\/\/nimaevents.com\/fr\/wp-json\/wp\/v2\/comments?post=12735"}],"version-history":[{"count":5,"href":"https:\/\/nimaevents.com\/fr\/wp-json\/wp\/v2\/posts\/12735\/revisions"}],"predecessor-version":[{"id":13132,"href":"https:\/\/nimaevents.com\/fr\/wp-json\/wp\/v2\/posts\/12735\/revisions\/13132"}],"wp:featuredmedia":[{"embeddable":true,"href":"https:\/\/nimaevents.com\/fr\/wp-json\/wp\/v2\/media\/12740"}],"wp:attachment":[{"href":"https:\/\/nimaevents.com\/fr\/wp-json\/wp\/v2\/media?parent=12735"}],"wp:term":[{"taxonomy":"category","embeddable":true,"href":"https:\/\/nimaevents.com\/fr\/wp-json\/wp\/v2\/categories?post=12735"},{"taxonomy":"post_tag","embeddable":true,"href":"https:\/\/nimaevents.com\/fr\/wp-json\/wp\/v2\/tags?post=12735"}],"curies":[{"name":"wp","href":"https:\/\/api.w.org\/{rel}","templated":true}]}}