{"id":12782,"date":"2026-09-04T19:23:06","date_gmt":"2026-09-04T17:23:06","guid":{"rendered":"https:\/\/nimaevents.com\/?p=12782"},"modified":"2026-09-04T19:23:08","modified_gmt":"2026-09-04T17:23:08","slug":"nachhaltige-veranstaltungen-vermaechtnis-inseln","status":"publish","type":"post","link":"https:\/\/nimaevents.com\/de\/2026\/09\/04\/nachhaltige-veranstaltungen-vermaechtnis-inseln\/","title":{"rendered":"Nachhaltige Veranstaltungen, die ein Verm\u00e4chtnis auf unseren Inseln hinterlassen"},"content":{"rendered":"<p>[vc_row][vc_column][vc_row_inner][vc_column_inner][vc_column_text]Nachhaltige Veranstaltungen, die ein Verm\u00e4chtnis auf unseren Inseln hinterlassen.<br \/>\nUnser Team versteht Veranstaltungen als eine transformative Erfahrung f\u00fcr die Teilnehmer und f\u00fcr die Umgebung, in der sie stattfinden. Wenn Sie also einen Beitrag leisten und Ihr eigenes Verm\u00e4chtnis auf unseren Inseln hinterlassen m\u00f6chten, unterst\u00fctzen wir Sie gerne dabei.[\/vc_column_text][\/vc_column_inner][\/vc_row_inner][vc_empty_space height=&#8220;30px&#8220;][vc_row_inner equal_height=&#8220;yes&#8220; content_placement=&#8220;middle&#8220;][vc_column_inner width=&#8220;1\/2&#8243;][vc_column_text]Die Konzeption, Planung, Organisation und Durchf\u00fchrung einer <a href=\"https:\/\/www.eventscouncil.org\/Portals\/0\/EIC%20Documents\/Sustainability\/Principles%20for%20sustainable%20events.pdf?ver=2019-01-18-123244-787\">nachhaltigen Veranstaltung<\/a> bringt eine Reihe von Vorteilen mit sich, darunter: die Unterst\u00fctzung der lokalen Wirtschaft und Besch\u00e4ftigung, die Schaffung von zus\u00e4tzlichem menschlichem und \u00f6kologischem Mehrwert, das Gemeinwohl, das Bewusstsein und die Bildung im Hinblick auf den Planeten sowie die Positionierung und das positive Image Ihres Unternehmens&#8230;<br \/>\nNima Events reagiert auf diese Trends. Wenn es Ihr Ziel ist, kommende Veranstaltungen um diese Vorteile zu bereichern und daraus ein attraktives Corporate-Social-Responsibility-Ereignis f\u00fcr Ihr Unternehmen zu machen, w\u00e4hrend Sie gleichzeitig einen positiven Einfluss auf das Reiseziel aus\u00fcben, dann lesen Sie weiter.<br \/>\nWir setzen auf Unterk\u00fcnfte mit einem hervorragenden Umweltprogramm und entsprechenden Richtlinien, wie die Hotelkette Meli\u00e1, die als eines der 10 nachhaltigsten Unternehmen der Welt anerkannt ist. Das Km0-Konzept steht im Mittelpunkt unserer Veranstaltungen, und die Pr\u00e4senz lokaler Produkte verleiht ihnen einen differenzierten Mehrwert. Bei der Organisation der Aktivit\u00e4ten suchen wir nach motivierenden Erlebnissen, die die Urspr\u00fcnge und die Kultur des Reiseziels hervorheben. Falls Sie einen Ort f\u00fcr ein Treffen ben\u00f6tigen, kennen wir geheime, von Natur umgebene Winkel, an denen Sie sich verbinden oder abschalten k\u00f6nnen. Die Transfers werden auf ein Minimum reduziert, um die Umweltbelastung so gering wie m\u00f6glich zu halten.[\/vc_column_text][\/vc_column_inner][vc_column_inner width=&#8220;1\/2&#8243;][vc_single_image image=&#8220;12820&#8243; img_size=&#8220;full&#8220; alignment=&#8220;center&#8220; onclick=&#8220;link_image&#8220;][\/vc_column_inner][\/vc_row_inner][vc_empty_space height=&#8220;52px&#8220;][vc_row_inner equal_height=&#8220;yes&#8220; content_placement=&#8220;middle&#8220; row_content_width=&#8220;grid&#8220;][vc_column_inner width=&#8220;1\/4&#8243;][vc_single_image image=&#8220;12834&#8243; img_size=&#8220;full&#8220; alignment=&#8220;right&#8220; onclick=&#8220;link_image&#8220;][\/vc_column_inner][vc_column_inner width=&#8220;3\/4&#8243; css=&#8220;.vc_custom_1585727216728{padding-right: 10% !important;}&#8220;][vc_column_text]<\/p>\n<blockquote>\n<h5 style=\"text-align: left;\"><strong>Global denken, lokal handeln<\/strong><\/h5>\n<\/blockquote>\n<p>[\/vc_column_text][vc_empty_space height=&#8220;40px&#8220;][vc_column_text]Die M\u00f6glichkeit, Ihre Veranstaltung<a href=\"https:\/\/nimaevents.com\/de\/green-events\/\"> nachhaltiger<\/a> zu gestalten, ist dank unseres Netzwerks engagierter Partner ohne Weiteres umsetzbar. Z\u00f6gern Sie also nicht und leisten Sie Ihren Beitrag.<br \/>\nNachhaltige Veranstaltungen, die ein Verm\u00e4chtnis auf unseren Inseln hinterlassen.[\/vc_column_text][vc_empty_space height=&#8220;40px&#8220;][\/vc_column_inner][\/vc_row_inner][\/vc_column][\/vc_row]<\/p>\n","protected":false},"excerpt":{"rendered":"<p>Unser Team versteht Veranstaltungen als eine transformative Erfahrung f\u00fcr die Teilnehmer und die Umgebung, in der sie stattfinden. Wenn Sie also einen Beitrag leisten und Ihr eigenes Verm\u00e4chtnis auf unseren Inseln hinterlassen m\u00f6chten, unterst\u00fctzen wir Sie gerne dabei.<\/p>\n","protected":false},"author":2,"featured_media":12806,"comment_status":"closed","ping_status":"open","sticky":false,"template":"","format":"standard","meta":{"footnotes":""},"categories":[165,185,169,184,166,182,183,167],"tags":[],"class_list":["post-12782","post","type-post","status-publish","format-standard","has-post-thumbnail","hentry","category-firmenveranstaltungen","category-formentera-de","category-green-events","category-ibiza-de","category-incentives","category-mallorca-de","category-menorca-de","category-privatreisen-und-feiern"],"yoast_head":"<!-- This site is optimized with the Yoast SEO plugin v28.0 - https:\/\/yoast.com\/product\/yoast-seo-wordpress\/ -->\n<title>Nachhaltige Events mit Verm\u00e4chtnis auf den Balearen<\/title>\n<meta name=\"description\" content=\"Nachhaltige Veranstaltungen mit Verm\u00e4chtnis auf unseren Inseln. Unser Team versteht jedes Event als transformative Erfahrung f\u00fcr Teilnehmer und Umwelt.\" \/>\n<meta name=\"robots\" content=\"index, follow, max-snippet:-1, max-image-preview:large, max-video-preview:-1\" \/>\n<link rel=\"canonical\" href=\"https:\/\/nimaevents.com\/de\/2026\/09\/04\/nachhaltige-veranstaltungen-vermaechtnis-inseln\/\" \/>\n<meta property=\"og:locale\" content=\"de_DE\" \/>\n<meta property=\"og:type\" content=\"article\" \/>\n<meta property=\"og:title\" content=\"Nachhaltige Events mit Verm\u00e4chtnis auf den Balearen\" \/>\n<meta property=\"og:description\" content=\"Nachhaltige Veranstaltungen mit Verm\u00e4chtnis auf unseren Inseln. Unser Team versteht jedes Event als transformative Erfahrung f\u00fcr Teilnehmer und Umwelt.\" \/>\n<meta property=\"og:url\" content=\"https:\/\/nimaevents.com\/de\/2026\/09\/04\/nachhaltige-veranstaltungen-vermaechtnis-inseln\/\" \/>\n<meta property=\"og:site_name\" content=\"Nima Events\" \/>\n<meta property=\"article:published_time\" content=\"2026-09-04T17:23:06+00:00\" \/>\n<meta property=\"article:modified_time\" content=\"2026-09-04T17:23:08+00:00\" \/>\n<meta property=\"og:image\" content=\"https:\/\/nimaevents.com\/wp-content\/uploads\/2021\/12\/Pagesos-med-1-1.jpg\" \/>\n\t<meta property=\"og:image:width\" content=\"2500\" \/>\n\t<meta property=\"og:image:height\" content=\"1679\" \/>\n\t<meta property=\"og:image:type\" content=\"image\/jpeg\" \/>\n<meta name=\"author\" content=\"Jacqueline Jorda\" \/>\n<meta name=\"twitter:card\" content=\"summary_large_image\" \/>\n<meta name=\"twitter:label1\" content=\"Verfasst von\" \/>\n\t<meta name=\"twitter:data1\" content=\"Jacqueline Jorda\" \/>\n\t<meta name=\"twitter:label2\" content=\"Gesch\u00e4tzte Lesezeit\" \/>\n\t<meta name=\"twitter:data2\" content=\"2\u00a0Minuten\" \/>\n<script type=\"application\/ld+json\" class=\"yoast-schema-graph\">{\"@context\":\"https:\\\/\\\/schema.org\",\"@graph\":[{\"@type\":\"Article\",\"@id\":\"https:\\\/\\\/nimaevents.com\\\/de\\\/2026\\\/09\\\/04\\\/nachhaltige-veranstaltungen-vermaechtnis-inseln\\\/#article\",\"isPartOf\":{\"@id\":\"https:\\\/\\\/nimaevents.com\\\/de\\\/2026\\\/09\\\/04\\\/nachhaltige-veranstaltungen-vermaechtnis-inseln\\\/\"},\"author\":{\"name\":\"Jacqueline Jorda\",\"@id\":\"https:\\\/\\\/nimaevents.com\\\/#\\\/schema\\\/person\\\/fd39cb62b7406beabf764d9747acd7af\"},\"headline\":\"Nachhaltige Veranstaltungen, die ein Verm\u00e4chtnis auf unseren Inseln hinterlassen\",\"datePublished\":\"2026-09-04T17:23:06+00:00\",\"dateModified\":\"2026-09-04T17:23:08+00:00\",\"mainEntityOfPage\":{\"@id\":\"https:\\\/\\\/nimaevents.com\\\/de\\\/2026\\\/09\\\/04\\\/nachhaltige-veranstaltungen-vermaechtnis-inseln\\\/\"},\"wordCount\":465,\"image\":{\"@id\":\"https:\\\/\\\/nimaevents.com\\\/de\\\/2026\\\/09\\\/04\\\/nachhaltige-veranstaltungen-vermaechtnis-inseln\\\/#primaryimage\"},\"thumbnailUrl\":\"https:\\\/\\\/nimaevents.com\\\/wp-content\\\/uploads\\\/2021\\\/12\\\/Pagesos-med-1-1.jpg\",\"articleSection\":[\"FIRMENVERANSTALTUNGEN\",\"FORMENTERA\",\"GREEN EVENTS\",\"IBIZA\",\"INCENTIVES\",\"MALLORCA\",\"MENORCA\",\"PRIVATREISEN UND FEIERN\"],\"inLanguage\":\"de\"},{\"@type\":\"WebPage\",\"@id\":\"https:\\\/\\\/nimaevents.com\\\/de\\\/2026\\\/09\\\/04\\\/nachhaltige-veranstaltungen-vermaechtnis-inseln\\\/\",\"url\":\"https:\\\/\\\/nimaevents.com\\\/de\\\/2026\\\/09\\\/04\\\/nachhaltige-veranstaltungen-vermaechtnis-inseln\\\/\",\"name\":\"Nachhaltige Events mit Verm\u00e4chtnis auf den Balearen\",\"isPartOf\":{\"@id\":\"https:\\\/\\\/nimaevents.com\\\/#website\"},\"primaryImageOfPage\":{\"@id\":\"https:\\\/\\\/nimaevents.com\\\/de\\\/2026\\\/09\\\/04\\\/nachhaltige-veranstaltungen-vermaechtnis-inseln\\\/#primaryimage\"},\"image\":{\"@id\":\"https:\\\/\\\/nimaevents.com\\\/de\\\/2026\\\/09\\\/04\\\/nachhaltige-veranstaltungen-vermaechtnis-inseln\\\/#primaryimage\"},\"thumbnailUrl\":\"https:\\\/\\\/nimaevents.com\\\/wp-content\\\/uploads\\\/2021\\\/12\\\/Pagesos-med-1-1.jpg\",\"datePublished\":\"2026-09-04T17:23:06+00:00\",\"dateModified\":\"2026-09-04T17:23:08+00:00\",\"author\":{\"@id\":\"https:\\\/\\\/nimaevents.com\\\/#\\\/schema\\\/person\\\/fd39cb62b7406beabf764d9747acd7af\"},\"description\":\"Nachhaltige Veranstaltungen mit Verm\u00e4chtnis auf unseren Inseln. Unser Team versteht jedes Event als transformative Erfahrung f\u00fcr Teilnehmer und Umwelt.\",\"breadcrumb\":{\"@id\":\"https:\\\/\\\/nimaevents.com\\\/de\\\/2026\\\/09\\\/04\\\/nachhaltige-veranstaltungen-vermaechtnis-inseln\\\/#breadcrumb\"},\"inLanguage\":\"de\",\"potentialAction\":[{\"@type\":\"ReadAction\",\"target\":[\"https:\\\/\\\/nimaevents.com\\\/de\\\/2026\\\/09\\\/04\\\/nachhaltige-veranstaltungen-vermaechtnis-inseln\\\/\"]}]},{\"@type\":\"ImageObject\",\"inLanguage\":\"de\",\"@id\":\"https:\\\/\\\/nimaevents.com\\\/de\\\/2026\\\/09\\\/04\\\/nachhaltige-veranstaltungen-vermaechtnis-inseln\\\/#primaryimage\",\"url\":\"https:\\\/\\\/nimaevents.com\\\/wp-content\\\/uploads\\\/2021\\\/12\\\/Pagesos-med-1-1.jpg\",\"contentUrl\":\"https:\\\/\\\/nimaevents.com\\\/wp-content\\\/uploads\\\/2021\\\/12\\\/Pagesos-med-1-1.jpg\",\"width\":2500,\"height\":1679,\"caption\":\"Eventos sostenibles que dejan legado en nuestras Islas\"},{\"@type\":\"BreadcrumbList\",\"@id\":\"https:\\\/\\\/nimaevents.com\\\/de\\\/2026\\\/09\\\/04\\\/nachhaltige-veranstaltungen-vermaechtnis-inseln\\\/#breadcrumb\",\"itemListElement\":[{\"@type\":\"ListItem\",\"position\":1,\"name\":\"Portada\",\"item\":\"https:\\\/\\\/nimaevents.com\\\/de\\\/\"},{\"@type\":\"ListItem\",\"position\":2,\"name\":\"Nachhaltige Veranstaltungen, die ein Verm\u00e4chtnis auf unseren Inseln hinterlassen\"}]},{\"@type\":\"WebSite\",\"@id\":\"https:\\\/\\\/nimaevents.com\\\/#website\",\"url\":\"https:\\\/\\\/nimaevents.com\\\/\",\"name\":\"Nima Events\",\"description\":\"Otro sitio realizado con WordPress\",\"potentialAction\":[{\"@type\":\"SearchAction\",\"target\":{\"@type\":\"EntryPoint\",\"urlTemplate\":\"https:\\\/\\\/nimaevents.com\\\/?s={search_term_string}\"},\"query-input\":{\"@type\":\"PropertyValueSpecification\",\"valueRequired\":true,\"valueName\":\"search_term_string\"}}],\"inLanguage\":\"de\"},{\"@type\":\"Person\",\"@id\":\"https:\\\/\\\/nimaevents.com\\\/#\\\/schema\\\/person\\\/fd39cb62b7406beabf764d9747acd7af\",\"name\":\"Jacqueline Jorda\",\"url\":\"https:\\\/\\\/nimaevents.com\\\/de\\\/author\\\/nimaevents\\\/\"}]}<\/script>\n<!-- \/ Yoast SEO plugin. -->","yoast_head_json":{"title":"Nachhaltige Events mit Verm\u00e4chtnis auf den Balearen","description":"Nachhaltige Veranstaltungen mit Verm\u00e4chtnis auf unseren Inseln. Unser Team versteht jedes Event als transformative Erfahrung f\u00fcr Teilnehmer und Umwelt.","robots":{"index":"index","follow":"follow","max-snippet":"max-snippet:-1","max-image-preview":"max-image-preview:large","max-video-preview":"max-video-preview:-1"},"canonical":"https:\/\/nimaevents.com\/de\/2026\/09\/04\/nachhaltige-veranstaltungen-vermaechtnis-inseln\/","og_locale":"de_DE","og_type":"article","og_title":"Nachhaltige Events mit Verm\u00e4chtnis auf den Balearen","og_description":"Nachhaltige Veranstaltungen mit Verm\u00e4chtnis auf unseren Inseln. Unser Team versteht jedes Event als transformative Erfahrung f\u00fcr Teilnehmer und Umwelt.","og_url":"https:\/\/nimaevents.com\/de\/2026\/09\/04\/nachhaltige-veranstaltungen-vermaechtnis-inseln\/","og_site_name":"Nima Events","article_published_time":"2026-09-04T17:23:06+00:00","article_modified_time":"2026-09-04T17:23:08+00:00","og_image":[{"width":2500,"height":1679,"url":"https:\/\/nimaevents.com\/wp-content\/uploads\/2021\/12\/Pagesos-med-1-1.jpg","type":"image\/jpeg"}],"author":"Jacqueline Jorda","twitter_card":"summary_large_image","twitter_misc":{"Verfasst von":"Jacqueline Jorda","Gesch\u00e4tzte Lesezeit":"2\u00a0Minuten"},"schema":{"@context":"https:\/\/schema.org","@graph":[{"@type":"Article","@id":"https:\/\/nimaevents.com\/de\/2026\/09\/04\/nachhaltige-veranstaltungen-vermaechtnis-inseln\/#article","isPartOf":{"@id":"https:\/\/nimaevents.com\/de\/2026\/09\/04\/nachhaltige-veranstaltungen-vermaechtnis-inseln\/"},"author":{"name":"Jacqueline Jorda","@id":"https:\/\/nimaevents.com\/#\/schema\/person\/fd39cb62b7406beabf764d9747acd7af"},"headline":"Nachhaltige Veranstaltungen, die ein Verm\u00e4chtnis auf unseren Inseln hinterlassen","datePublished":"2026-09-04T17:23:06+00:00","dateModified":"2026-09-04T17:23:08+00:00","mainEntityOfPage":{"@id":"https:\/\/nimaevents.com\/de\/2026\/09\/04\/nachhaltige-veranstaltungen-vermaechtnis-inseln\/"},"wordCount":465,"image":{"@id":"https:\/\/nimaevents.com\/de\/2026\/09\/04\/nachhaltige-veranstaltungen-vermaechtnis-inseln\/#primaryimage"},"thumbnailUrl":"https:\/\/nimaevents.com\/wp-content\/uploads\/2021\/12\/Pagesos-med-1-1.jpg","articleSection":["FIRMENVERANSTALTUNGEN","FORMENTERA","GREEN EVENTS","IBIZA","INCENTIVES","MALLORCA","MENORCA","PRIVATREISEN UND FEIERN"],"inLanguage":"de"},{"@type":"WebPage","@id":"https:\/\/nimaevents.com\/de\/2026\/09\/04\/nachhaltige-veranstaltungen-vermaechtnis-inseln\/","url":"https:\/\/nimaevents.com\/de\/2026\/09\/04\/nachhaltige-veranstaltungen-vermaechtnis-inseln\/","name":"Nachhaltige Events mit Verm\u00e4chtnis auf den Balearen","isPartOf":{"@id":"https:\/\/nimaevents.com\/#website"},"primaryImageOfPage":{"@id":"https:\/\/nimaevents.com\/de\/2026\/09\/04\/nachhaltige-veranstaltungen-vermaechtnis-inseln\/#primaryimage"},"image":{"@id":"https:\/\/nimaevents.com\/de\/2026\/09\/04\/nachhaltige-veranstaltungen-vermaechtnis-inseln\/#primaryimage"},"thumbnailUrl":"https:\/\/nimaevents.com\/wp-content\/uploads\/2021\/12\/Pagesos-med-1-1.jpg","datePublished":"2026-09-04T17:23:06+00:00","dateModified":"2026-09-04T17:23:08+00:00","author":{"@id":"https:\/\/nimaevents.com\/#\/schema\/person\/fd39cb62b7406beabf764d9747acd7af"},"description":"Nachhaltige Veranstaltungen mit Verm\u00e4chtnis auf unseren Inseln. Unser Team versteht jedes Event als transformative Erfahrung f\u00fcr Teilnehmer und Umwelt.","breadcrumb":{"@id":"https:\/\/nimaevents.com\/de\/2026\/09\/04\/nachhaltige-veranstaltungen-vermaechtnis-inseln\/#breadcrumb"},"inLanguage":"de","potentialAction":[{"@type":"ReadAction","target":["https:\/\/nimaevents.com\/de\/2026\/09\/04\/nachhaltige-veranstaltungen-vermaechtnis-inseln\/"]}]},{"@type":"ImageObject","inLanguage":"de","@id":"https:\/\/nimaevents.com\/de\/2026\/09\/04\/nachhaltige-veranstaltungen-vermaechtnis-inseln\/#primaryimage","url":"https:\/\/nimaevents.com\/wp-content\/uploads\/2021\/12\/Pagesos-med-1-1.jpg","contentUrl":"https:\/\/nimaevents.com\/wp-content\/uploads\/2021\/12\/Pagesos-med-1-1.jpg","width":2500,"height":1679,"caption":"Eventos sostenibles que dejan legado en nuestras Islas"},{"@type":"BreadcrumbList","@id":"https:\/\/nimaevents.com\/de\/2026\/09\/04\/nachhaltige-veranstaltungen-vermaechtnis-inseln\/#breadcrumb","itemListElement":[{"@type":"ListItem","position":1,"name":"Portada","item":"https:\/\/nimaevents.com\/de\/"},{"@type":"ListItem","position":2,"name":"Nachhaltige Veranstaltungen, die ein Verm\u00e4chtnis auf unseren Inseln hinterlassen"}]},{"@type":"WebSite","@id":"https:\/\/nimaevents.com\/#website","url":"https:\/\/nimaevents.com\/","name":"Nima Events","description":"Otro sitio realizado con WordPress","potentialAction":[{"@type":"SearchAction","target":{"@type":"EntryPoint","urlTemplate":"https:\/\/nimaevents.com\/?s={search_term_string}"},"query-input":{"@type":"PropertyValueSpecification","valueRequired":true,"valueName":"search_term_string"}}],"inLanguage":"de"},{"@type":"Person","@id":"https:\/\/nimaevents.com\/#\/schema\/person\/fd39cb62b7406beabf764d9747acd7af","name":"Jacqueline Jorda","url":"https:\/\/nimaevents.com\/de\/author\/nimaevents\/"}]}},"_links":{"self":[{"href":"https:\/\/nimaevents.com\/de\/wp-json\/wp\/v2\/posts\/12782","targetHints":{"allow":["GET"]}}],"collection":[{"href":"https:\/\/nimaevents.com\/de\/wp-json\/wp\/v2\/posts"}],"about":[{"href":"https:\/\/nimaevents.com\/de\/wp-json\/wp\/v2\/types\/post"}],"author":[{"embeddable":true,"href":"https:\/\/nimaevents.com\/de\/wp-json\/wp\/v2\/users\/2"}],"replies":[{"embeddable":true,"href":"https:\/\/nimaevents.com\/de\/wp-json\/wp\/v2\/comments?post=12782"}],"version-history":[{"count":3,"href":"https:\/\/nimaevents.com\/de\/wp-json\/wp\/v2\/posts\/12782\/revisions"}],"predecessor-version":[{"id":13147,"href":"https:\/\/nimaevents.com\/de\/wp-json\/wp\/v2\/posts\/12782\/revisions\/13147"}],"wp:featuredmedia":[{"embeddable":true,"href":"https:\/\/nimaevents.com\/de\/wp-json\/wp\/v2\/media\/12806"}],"wp:attachment":[{"href":"https:\/\/nimaevents.com\/de\/wp-json\/wp\/v2\/media?parent=12782"}],"wp:term":[{"taxonomy":"category","embeddable":true,"href":"https:\/\/nimaevents.com\/de\/wp-json\/wp\/v2\/categories?post=12782"},{"taxonomy":"post_tag","embeddable":true,"href":"https:\/\/nimaevents.com\/de\/wp-json\/wp\/v2\/tags?post=12782"}],"curies":[{"name":"wp","href":"https:\/\/api.w.org\/{rel}","templated":true}]}}