{"id":12733,"date":"2024-12-16T11:26:15","date_gmt":"2024-12-16T10:26:15","guid":{"rendered":"https:\/\/nimaevents.com\/?p=12733"},"modified":"2026-09-04T18:48:28","modified_gmt":"2026-09-04T16:48:28","slug":"incentive-fuer-650-personen","status":"publish","type":"post","link":"https:\/\/nimaevents.com\/de\/2024\/12\/16\/incentive-fuer-650-personen\/","title":{"rendered":"Incentive f\u00fcr 650 Personen"},"content":{"rendered":"<p>[vc_row][vc_column][vc_row_inner][vc_column_inner][vc_column_text]<a href=\"https:\/\/nimaevents.com\/de\/incentives\/\">Incentive<\/a> f\u00fcr 650 Personen.<br \/>\nDer Mai z\u00e4hlt zu unseren liebsten Monaten f\u00fcr die Organisation von Incentives. Denn die Insel bietet uns ein unglaubliches Wetter f\u00fcr alle Arten von Aktivit\u00e4ten. Fragen Sie einfach unsere Gruppe von 650 Teilnehmern, die ein sehr vollst\u00e4ndiges und einzigartiges Programm genossen haben, bei dem jedes Detail eigens f\u00fcr sie gestaltet wurde!<br \/>\nBei ihrer Ankunft auf unserer Insel wurden sie am Flughafen mit einem Glas Cava begr\u00fc\u00dft. Die Transfers zum Hotel waren angenehm, dank der Erkl\u00e4rungen unserer lokalen Reiseleiter \u00fcber das Reiseziel und die kommenden Ereignisse der n\u00e4chsten Tage.<br \/>\nAm Abend wurde in den G\u00e4rten des Hotels mit spektakul\u00e4rem Meerblick ein Fingerfood-Empfang veranstaltet. Der Abend wurde mit Live-Musik einer lokalen Band unterhalten.[\/vc_column_text][\/vc_column_inner][\/vc_row_inner][vc_empty_space height=&#8220;30px&#8220;][vc_row_inner equal_height=&#8220;yes&#8220; content_placement=&#8220;middle&#8220;][vc_column_inner width=&#8220;1\/2&#8243;][vc_column_text]Am n\u00e4chsten Tag, nach einem energiereichen Fr\u00fchst\u00fcck, erwartete die Teilnehmer eine gro\u00dfe Vielfalt an Aktivit\u00e4ten. Sie waren dabei, die verborgenen Winkel der Insel zu entdecken.<br \/>\nDie Abenteuerlustigsten entschieden sich f\u00fcr eine Jeep- &amp; Cabrio-Rallye mit strategischen Stopps: eine alte Einsiedelei mit spektakul\u00e4rem Blick \u00fcber das \u201ePla de Llevant&#8220;, begleitet von einer Verkostung typischer K\u00e4sesorten, ein Halt auf dem Wochenmarkt, um zwischen den St\u00e4nden zu schlendern und in der Sonne etwas zu trinken, ein Stopp auf einem Bauernhof, wo Getreide und mallorquinische Sobrassada hergestellt werden, sowie ein Halt an einem ganz besonderen Olivenhain.<br \/>\nDa Teambuilding ebenfalls Teil des Incentive-Ziels war, mussten die einzelnen Gruppen im Verlauf der Aktivit\u00e4t Hinweise finden, um einen Fragebogen in ihrem Roadbook zu vervollst\u00e4ndigen und so die Rallye zu gewinnen.<br \/>\nW\u00e4hrenddessen genossen die Meeresliebhaber eine Fahrt an Bord eines Katamarans und konnten f\u00fcr einen Sprung ins Wasser und Schnorcheln anhalten, w\u00e4hrend die Crew ein k\u00f6stliches Barbecue vorbereitete.<br \/>\nAndere Teilnehmer entschieden sich f\u00fcr eine Wanderung oder eine Radtour entlang der K\u00fcste eines Naturparks und genossen ein Picknick im Schatten eines wundersch\u00f6nen Pinienwaldes direkt an einer der paradiesischsten Buchten des Mittelmeers.<br \/>\nGleichzeitig arbeitete unser Team weiter am H\u00f6hepunkt des Programms, und am Abend gelang es uns, den WOW-Effekt mit einem spektakul\u00e4ren Gala-Dinner auf einem alten mallorquinischen Landgut zu pr\u00e4sentieren. W\u00e4hrend des Cocktails tanzten die \u201emallorquinischen Dimonis&#8220; mit unseren Teilnehmern und zeigten ihnen ein kleines St\u00fcck unserer Kultur und traditionellen Feste. Es war ein authentisches Erlebnis, das ohne Zweifel eine bleibende Erinnerung schuf.<br \/>\nDas Abendessen beinhaltete ein Unterhaltungsprogramm einer international bekannten Band. Danach&#8230; ging die Party weiter, und die G\u00e4ste konnten nicht aufh\u00f6ren zu tanzen.[\/vc_column_text][\/vc_column_inner][vc_column_inner width=&#8220;1\/2&#8243;][vc_single_image image=&#8220;12751&#8243; img_size=&#8220;full&#8220; alignment=&#8220;center&#8220; onclick=&#8220;link_image&#8220;][\/vc_column_inner][\/vc_row_inner][vc_empty_space height=&#8220;52px&#8220;][vc_row_inner equal_height=&#8220;yes&#8220; content_placement=&#8220;middle&#8220; row_content_width=&#8220;grid&#8220;][vc_column_inner width=&#8220;1\/4&#8243;][vc_single_image image=&#8220;12761&#8243; img_size=&#8220;full&#8220; alignment=&#8220;right&#8220; onclick=&#8220;link_image&#8220;][\/vc_column_inner][vc_column_inner width=&#8220;3\/4&#8243; css=&#8220;.vc_custom_1585727216728{padding-right: 10% !important;}&#8220;][vc_column_text]<\/p>\n<blockquote>\n<h5 style=\"text-align: left;\"><strong>Neue Erfahrungen er\u00f6ffnen neue Perspektiven im Leben<\/strong><\/h5>\n<\/blockquote>\n<p>[\/vc_column_text][vc_empty_space height=&#8220;40px&#8220;][vc_column_text]Am n\u00e4chsten Tag war es Zeit, sich von der Insel zu verabschieden, aber nicht ohne vorher mit einem typischen Brunch neue Kr\u00e4fte zu sammeln. Daf\u00fcr wurden die besten Produkte ausgew\u00e4hlt, wie Sobrassada, Camaiot, Ensa\u00efmada, Coca de Verduras und andere.<br \/>\nUnd sobald die Batterien wieder aufgeladen und die Abschiedsgeschenke \u00fcberreicht waren, k\u00f6nnen wir nur sagen &#8230; bis bald!<br \/>\nDas <a href=\"https:\/\/www.illesbalears.travel\/article\/en\/illesbalears\/specialised-mice-services\">Incentive<\/a> f\u00fcr 650 Personen.[\/vc_column_text][vc_empty_space height=&#8220;40px&#8220;][\/vc_column_inner][\/vc_row_inner][\/vc_column][\/vc_row]<\/p>\n","protected":false},"excerpt":{"rendered":"<p>Der Mai z\u00e4hlt zu unseren liebsten Monaten f\u00fcr die Organisation von Incentives, denn die Insel bietet uns unglaubliches Wetter f\u00fcr alle Arten von Aktivit\u00e4ten.<\/p>\n","protected":false},"author":2,"featured_media":12741,"comment_status":"closed","ping_status":"open","sticky":false,"template":"","format":"standard","meta":{"footnotes":""},"categories":[165,166,182],"tags":[],"class_list":["post-12733","post","type-post","status-publish","format-standard","has-post-thumbnail","hentry","category-firmenveranstaltungen","category-incentives","category-mallorca-de"],"yoast_head":"<!-- This site is optimized with the Yoast SEO plugin v28.0 - https:\/\/yoast.com\/product\/yoast-seo-wordpress\/ -->\n<title>Incentive f\u00fcr 650 Personen | Ma\u00dfgeschneiderte Programme<\/title>\n<meta name=\"description\" content=\"Incentive auf Mallorca f\u00fcr 650 Personen. Der Mai z\u00e4hlt zu unseren liebsten Monaten f\u00fcr Incentives dank des au\u00dfergew\u00f6hnlichen Wetters der Insel.\" \/>\n<meta name=\"robots\" content=\"index, follow, max-snippet:-1, max-image-preview:large, max-video-preview:-1\" \/>\n<link rel=\"canonical\" href=\"https:\/\/nimaevents.com\/de\/2024\/12\/16\/incentive-fuer-650-personen\/\" \/>\n<meta property=\"og:locale\" content=\"de_DE\" \/>\n<meta property=\"og:type\" content=\"article\" \/>\n<meta property=\"og:title\" content=\"Incentive f\u00fcr 650 Personen | Ma\u00dfgeschneiderte Programme\" \/>\n<meta property=\"og:description\" content=\"Incentive auf Mallorca f\u00fcr 650 Personen. Der Mai z\u00e4hlt zu unseren liebsten Monaten f\u00fcr Incentives dank des au\u00dfergew\u00f6hnlichen Wetters der Insel.\" \/>\n<meta property=\"og:url\" content=\"https:\/\/nimaevents.com\/de\/2024\/12\/16\/incentive-fuer-650-personen\/\" \/>\n<meta property=\"og:site_name\" content=\"Nima Events\" \/>\n<meta property=\"article:published_time\" content=\"2024-12-16T10:26:15+00:00\" \/>\n<meta property=\"article:modified_time\" content=\"2026-09-04T16:48:28+00:00\" \/>\n<meta property=\"og:image\" content=\"https:\/\/nimaevents.com\/wp-content\/uploads\/2021\/12\/Domino-cabezera-post-wurth.jpg\" \/>\n\t<meta property=\"og:image:width\" content=\"2515\" \/>\n\t<meta property=\"og:image:height\" content=\"1676\" \/>\n\t<meta property=\"og:image:type\" content=\"image\/jpeg\" \/>\n<meta name=\"author\" content=\"Jacqueline Jorda\" \/>\n<meta name=\"twitter:card\" content=\"summary_large_image\" \/>\n<meta name=\"twitter:label1\" content=\"Verfasst von\" \/>\n\t<meta name=\"twitter:data1\" content=\"Jacqueline Jorda\" \/>\n\t<meta name=\"twitter:label2\" content=\"Gesch\u00e4tzte Lesezeit\" \/>\n\t<meta name=\"twitter:data2\" content=\"2\u00a0Minuten\" \/>\n<script type=\"application\/ld+json\" class=\"yoast-schema-graph\">{\"@context\":\"https:\\\/\\\/schema.org\",\"@graph\":[{\"@type\":\"Article\",\"@id\":\"https:\\\/\\\/nimaevents.com\\\/de\\\/2024\\\/12\\\/16\\\/incentive-fuer-650-personen\\\/#article\",\"isPartOf\":{\"@id\":\"https:\\\/\\\/nimaevents.com\\\/de\\\/2024\\\/12\\\/16\\\/incentive-fuer-650-personen\\\/\"},\"author\":{\"name\":\"Jacqueline Jorda\",\"@id\":\"https:\\\/\\\/nimaevents.com\\\/#\\\/schema\\\/person\\\/fd39cb62b7406beabf764d9747acd7af\"},\"headline\":\"Incentive f\u00fcr 650 Personen\",\"datePublished\":\"2024-12-16T10:26:15+00:00\",\"dateModified\":\"2026-09-04T16:48:28+00:00\",\"mainEntityOfPage\":{\"@id\":\"https:\\\/\\\/nimaevents.com\\\/de\\\/2024\\\/12\\\/16\\\/incentive-fuer-650-personen\\\/\"},\"wordCount\":643,\"image\":{\"@id\":\"https:\\\/\\\/nimaevents.com\\\/de\\\/2024\\\/12\\\/16\\\/incentive-fuer-650-personen\\\/#primaryimage\"},\"thumbnailUrl\":\"https:\\\/\\\/nimaevents.com\\\/wp-content\\\/uploads\\\/2021\\\/12\\\/Domino-cabezera-post-wurth.jpg\",\"articleSection\":[\"FIRMENVERANSTALTUNGEN\",\"INCENTIVES\",\"MALLORCA\"],\"inLanguage\":\"de\"},{\"@type\":\"WebPage\",\"@id\":\"https:\\\/\\\/nimaevents.com\\\/de\\\/2024\\\/12\\\/16\\\/incentive-fuer-650-personen\\\/\",\"url\":\"https:\\\/\\\/nimaevents.com\\\/de\\\/2024\\\/12\\\/16\\\/incentive-fuer-650-personen\\\/\",\"name\":\"Incentive f\u00fcr 650 Personen | Ma\u00dfgeschneiderte Programme\",\"isPartOf\":{\"@id\":\"https:\\\/\\\/nimaevents.com\\\/#website\"},\"primaryImageOfPage\":{\"@id\":\"https:\\\/\\\/nimaevents.com\\\/de\\\/2024\\\/12\\\/16\\\/incentive-fuer-650-personen\\\/#primaryimage\"},\"image\":{\"@id\":\"https:\\\/\\\/nimaevents.com\\\/de\\\/2024\\\/12\\\/16\\\/incentive-fuer-650-personen\\\/#primaryimage\"},\"thumbnailUrl\":\"https:\\\/\\\/nimaevents.com\\\/wp-content\\\/uploads\\\/2021\\\/12\\\/Domino-cabezera-post-wurth.jpg\",\"datePublished\":\"2024-12-16T10:26:15+00:00\",\"dateModified\":\"2026-09-04T16:48:28+00:00\",\"author\":{\"@id\":\"https:\\\/\\\/nimaevents.com\\\/#\\\/schema\\\/person\\\/fd39cb62b7406beabf764d9747acd7af\"},\"description\":\"Incentive auf Mallorca f\u00fcr 650 Personen. Der Mai z\u00e4hlt zu unseren liebsten Monaten f\u00fcr Incentives dank des au\u00dfergew\u00f6hnlichen Wetters der Insel.\",\"breadcrumb\":{\"@id\":\"https:\\\/\\\/nimaevents.com\\\/de\\\/2024\\\/12\\\/16\\\/incentive-fuer-650-personen\\\/#breadcrumb\"},\"inLanguage\":\"de\",\"potentialAction\":[{\"@type\":\"ReadAction\",\"target\":[\"https:\\\/\\\/nimaevents.com\\\/de\\\/2024\\\/12\\\/16\\\/incentive-fuer-650-personen\\\/\"]}]},{\"@type\":\"ImageObject\",\"inLanguage\":\"de\",\"@id\":\"https:\\\/\\\/nimaevents.com\\\/de\\\/2024\\\/12\\\/16\\\/incentive-fuer-650-personen\\\/#primaryimage\",\"url\":\"https:\\\/\\\/nimaevents.com\\\/wp-content\\\/uploads\\\/2021\\\/12\\\/Domino-cabezera-post-wurth.jpg\",\"contentUrl\":\"https:\\\/\\\/nimaevents.com\\\/wp-content\\\/uploads\\\/2021\\\/12\\\/Domino-cabezera-post-wurth.jpg\",\"width\":2515,\"height\":1676,\"caption\":\"Captured at Ses Cases de Sa Font Seca on 31 May 2019 by Ivan Pomposo Photography &amp; Design\"},{\"@type\":\"BreadcrumbList\",\"@id\":\"https:\\\/\\\/nimaevents.com\\\/de\\\/2024\\\/12\\\/16\\\/incentive-fuer-650-personen\\\/#breadcrumb\",\"itemListElement\":[{\"@type\":\"ListItem\",\"position\":1,\"name\":\"Portada\",\"item\":\"https:\\\/\\\/nimaevents.com\\\/de\\\/\"},{\"@type\":\"ListItem\",\"position\":2,\"name\":\"Incentive f\u00fcr 650 Personen\"}]},{\"@type\":\"WebSite\",\"@id\":\"https:\\\/\\\/nimaevents.com\\\/#website\",\"url\":\"https:\\\/\\\/nimaevents.com\\\/\",\"name\":\"Nima Events\",\"description\":\"Otro sitio realizado con WordPress\",\"potentialAction\":[{\"@type\":\"SearchAction\",\"target\":{\"@type\":\"EntryPoint\",\"urlTemplate\":\"https:\\\/\\\/nimaevents.com\\\/?s={search_term_string}\"},\"query-input\":{\"@type\":\"PropertyValueSpecification\",\"valueRequired\":true,\"valueName\":\"search_term_string\"}}],\"inLanguage\":\"de\"},{\"@type\":\"Person\",\"@id\":\"https:\\\/\\\/nimaevents.com\\\/#\\\/schema\\\/person\\\/fd39cb62b7406beabf764d9747acd7af\",\"name\":\"Jacqueline Jorda\",\"url\":\"https:\\\/\\\/nimaevents.com\\\/de\\\/author\\\/nimaevents\\\/\"}]}<\/script>\n<!-- \/ Yoast SEO plugin. -->","yoast_head_json":{"title":"Incentive f\u00fcr 650 Personen | Ma\u00dfgeschneiderte Programme","description":"Incentive auf Mallorca f\u00fcr 650 Personen. Der Mai z\u00e4hlt zu unseren liebsten Monaten f\u00fcr Incentives dank des au\u00dfergew\u00f6hnlichen Wetters der Insel.","robots":{"index":"index","follow":"follow","max-snippet":"max-snippet:-1","max-image-preview":"max-image-preview:large","max-video-preview":"max-video-preview:-1"},"canonical":"https:\/\/nimaevents.com\/de\/2024\/12\/16\/incentive-fuer-650-personen\/","og_locale":"de_DE","og_type":"article","og_title":"Incentive f\u00fcr 650 Personen | Ma\u00dfgeschneiderte Programme","og_description":"Incentive auf Mallorca f\u00fcr 650 Personen. Der Mai z\u00e4hlt zu unseren liebsten Monaten f\u00fcr Incentives dank des au\u00dfergew\u00f6hnlichen Wetters der Insel.","og_url":"https:\/\/nimaevents.com\/de\/2024\/12\/16\/incentive-fuer-650-personen\/","og_site_name":"Nima Events","article_published_time":"2024-12-16T10:26:15+00:00","article_modified_time":"2026-09-04T16:48:28+00:00","og_image":[{"width":2515,"height":1676,"url":"https:\/\/nimaevents.com\/wp-content\/uploads\/2021\/12\/Domino-cabezera-post-wurth.jpg","type":"image\/jpeg"}],"author":"Jacqueline Jorda","twitter_card":"summary_large_image","twitter_misc":{"Verfasst von":"Jacqueline Jorda","Gesch\u00e4tzte Lesezeit":"2\u00a0Minuten"},"schema":{"@context":"https:\/\/schema.org","@graph":[{"@type":"Article","@id":"https:\/\/nimaevents.com\/de\/2024\/12\/16\/incentive-fuer-650-personen\/#article","isPartOf":{"@id":"https:\/\/nimaevents.com\/de\/2024\/12\/16\/incentive-fuer-650-personen\/"},"author":{"name":"Jacqueline Jorda","@id":"https:\/\/nimaevents.com\/#\/schema\/person\/fd39cb62b7406beabf764d9747acd7af"},"headline":"Incentive f\u00fcr 650 Personen","datePublished":"2024-12-16T10:26:15+00:00","dateModified":"2026-09-04T16:48:28+00:00","mainEntityOfPage":{"@id":"https:\/\/nimaevents.com\/de\/2024\/12\/16\/incentive-fuer-650-personen\/"},"wordCount":643,"image":{"@id":"https:\/\/nimaevents.com\/de\/2024\/12\/16\/incentive-fuer-650-personen\/#primaryimage"},"thumbnailUrl":"https:\/\/nimaevents.com\/wp-content\/uploads\/2021\/12\/Domino-cabezera-post-wurth.jpg","articleSection":["FIRMENVERANSTALTUNGEN","INCENTIVES","MALLORCA"],"inLanguage":"de"},{"@type":"WebPage","@id":"https:\/\/nimaevents.com\/de\/2024\/12\/16\/incentive-fuer-650-personen\/","url":"https:\/\/nimaevents.com\/de\/2024\/12\/16\/incentive-fuer-650-personen\/","name":"Incentive f\u00fcr 650 Personen | Ma\u00dfgeschneiderte Programme","isPartOf":{"@id":"https:\/\/nimaevents.com\/#website"},"primaryImageOfPage":{"@id":"https:\/\/nimaevents.com\/de\/2024\/12\/16\/incentive-fuer-650-personen\/#primaryimage"},"image":{"@id":"https:\/\/nimaevents.com\/de\/2024\/12\/16\/incentive-fuer-650-personen\/#primaryimage"},"thumbnailUrl":"https:\/\/nimaevents.com\/wp-content\/uploads\/2021\/12\/Domino-cabezera-post-wurth.jpg","datePublished":"2024-12-16T10:26:15+00:00","dateModified":"2026-09-04T16:48:28+00:00","author":{"@id":"https:\/\/nimaevents.com\/#\/schema\/person\/fd39cb62b7406beabf764d9747acd7af"},"description":"Incentive auf Mallorca f\u00fcr 650 Personen. Der Mai z\u00e4hlt zu unseren liebsten Monaten f\u00fcr Incentives dank des au\u00dfergew\u00f6hnlichen Wetters der Insel.","breadcrumb":{"@id":"https:\/\/nimaevents.com\/de\/2024\/12\/16\/incentive-fuer-650-personen\/#breadcrumb"},"inLanguage":"de","potentialAction":[{"@type":"ReadAction","target":["https:\/\/nimaevents.com\/de\/2024\/12\/16\/incentive-fuer-650-personen\/"]}]},{"@type":"ImageObject","inLanguage":"de","@id":"https:\/\/nimaevents.com\/de\/2024\/12\/16\/incentive-fuer-650-personen\/#primaryimage","url":"https:\/\/nimaevents.com\/wp-content\/uploads\/2021\/12\/Domino-cabezera-post-wurth.jpg","contentUrl":"https:\/\/nimaevents.com\/wp-content\/uploads\/2021\/12\/Domino-cabezera-post-wurth.jpg","width":2515,"height":1676,"caption":"Captured at Ses Cases de Sa Font Seca on 31 May 2019 by Ivan Pomposo Photography &amp; Design"},{"@type":"BreadcrumbList","@id":"https:\/\/nimaevents.com\/de\/2024\/12\/16\/incentive-fuer-650-personen\/#breadcrumb","itemListElement":[{"@type":"ListItem","position":1,"name":"Portada","item":"https:\/\/nimaevents.com\/de\/"},{"@type":"ListItem","position":2,"name":"Incentive f\u00fcr 650 Personen"}]},{"@type":"WebSite","@id":"https:\/\/nimaevents.com\/#website","url":"https:\/\/nimaevents.com\/","name":"Nima Events","description":"Otro sitio realizado con WordPress","potentialAction":[{"@type":"SearchAction","target":{"@type":"EntryPoint","urlTemplate":"https:\/\/nimaevents.com\/?s={search_term_string}"},"query-input":{"@type":"PropertyValueSpecification","valueRequired":true,"valueName":"search_term_string"}}],"inLanguage":"de"},{"@type":"Person","@id":"https:\/\/nimaevents.com\/#\/schema\/person\/fd39cb62b7406beabf764d9747acd7af","name":"Jacqueline Jorda","url":"https:\/\/nimaevents.com\/de\/author\/nimaevents\/"}]}},"_links":{"self":[{"href":"https:\/\/nimaevents.com\/de\/wp-json\/wp\/v2\/posts\/12733","targetHints":{"allow":["GET"]}}],"collection":[{"href":"https:\/\/nimaevents.com\/de\/wp-json\/wp\/v2\/posts"}],"about":[{"href":"https:\/\/nimaevents.com\/de\/wp-json\/wp\/v2\/types\/post"}],"author":[{"embeddable":true,"href":"https:\/\/nimaevents.com\/de\/wp-json\/wp\/v2\/users\/2"}],"replies":[{"embeddable":true,"href":"https:\/\/nimaevents.com\/de\/wp-json\/wp\/v2\/comments?post=12733"}],"version-history":[{"count":4,"href":"https:\/\/nimaevents.com\/de\/wp-json\/wp\/v2\/posts\/12733\/revisions"}],"predecessor-version":[{"id":12964,"href":"https:\/\/nimaevents.com\/de\/wp-json\/wp\/v2\/posts\/12733\/revisions\/12964"}],"wp:featuredmedia":[{"embeddable":true,"href":"https:\/\/nimaevents.com\/de\/wp-json\/wp\/v2\/media\/12741"}],"wp:attachment":[{"href":"https:\/\/nimaevents.com\/de\/wp-json\/wp\/v2\/media?parent=12733"}],"wp:term":[{"taxonomy":"category","embeddable":true,"href":"https:\/\/nimaevents.com\/de\/wp-json\/wp\/v2\/categories?post=12733"},{"taxonomy":"post_tag","embeddable":true,"href":"https:\/\/nimaevents.com\/de\/wp-json\/wp\/v2\/tags?post=12733"}],"curies":[{"name":"wp","href":"https:\/\/api.w.org\/{rel}","templated":true}]}}